{"id":1224,"date":"2023-07-13T15:35:21","date_gmt":"2023-07-13T15:35:21","guid":{"rendered":"https:\/\/militarymegablog.ch\/?p=1224"},"modified":"2023-07-13T15:35:21","modified_gmt":"2023-07-13T15:35:21","slug":"sauce-carbonara","status":"publish","type":"post","link":"https:\/\/militarymegablog.ch\/index.php\/2023\/07\/13\/sauce-carbonara\/","title":{"rendered":"Sauce Carbonara"},"content":{"rendered":"<p>[et_pb_section fb_built=\u00a0\u00bb1&Prime; _builder_version=\u00a0\u00bb4.17.4&Prime; _module_preset=\u00a0\u00bbdefault\u00a0\u00bb background_color=\u00a0\u00bbRGBA(255,255,255,0)\u00a0\u00bb global_colors_info=\u00a0\u00bb{}\u00a0\u00bb theme_builder_area=\u00a0\u00bbet_body_layout\u00a0\u00bb][et_pb_row column_structure=\u00a0\u00bb1_2,1_2&Prime; _builder_version=\u00a0\u00bb4.19.2&Prime; _module_preset=\u00a0\u00bbdefault\u00a0\u00bb global_colors_info=\u00a0\u00bb{}\u00a0\u00bb theme_builder_area=\u00a0\u00bbet_body_layout\u00a0\u00bb][et_pb_column type=\u00a0\u00bb1_2&Prime; _builder_version=\u00a0\u00bb4.19.2&Prime; _module_preset=\u00a0\u00bbdefault\u00a0\u00bb global_colors_info=\u00a0\u00bb{}\u00a0\u00bb theme_builder_area=\u00a0\u00bbet_body_layout\u00a0\u00bb][et_pb_text _builder_version=\u00a0\u00bb4.19.2&Prime; _module_preset=\u00a0\u00bbdefault\u00a0\u00bb header_5_font=\u00a0\u00bb|700|||||||\u00a0\u00bb header_5_text_color=\u00a0\u00bb#E02B20&Prime; custom_padding=\u00a0\u00bb||0px|||\u00a0\u00bb global_colors_info=\u00a0\u00bb{}\u00a0\u00bb theme_builder_area=\u00a0\u00bbet_body_layout\u00a0\u00bb]<\/p>\n<h5><strong>POUR UNE PERSONNE<\/strong><\/h5>\n<p>[\/et_pb_text][\/et_pb_column][et_pb_column type=\u00a0\u00bb1_2&Prime; _builder_version=\u00a0\u00bb4.19.2&Prime; _module_preset=\u00a0\u00bbdefault\u00a0\u00bb global_colors_info=\u00a0\u00bb{}\u00a0\u00bb theme_builder_area=\u00a0\u00bbet_body_layout\u00a0\u00bb][et_pb_text _builder_version=\u00a0\u00bb4.19.2&Prime; _module_preset=\u00a0\u00bbdefault\u00a0\u00bb header_5_font=\u00a0\u00bb|700|||||||\u00a0\u00bb header_5_text_color=\u00a0\u00bb#E02B20&Prime; custom_padding=\u00a0\u00bb||0px|||\u00a0\u00bb global_colors_info=\u00a0\u00bb{}\u00a0\u00bb theme_builder_area=\u00a0\u00bbet_body_layout\u00a0\u00bb]<\/p>\n<h5><strong>ORIGINE: ARM\u00c9E SUISSE<\/strong><\/h5>\n<p>[\/et_pb_text][\/et_pb_column][\/et_pb_row][et_pb_row column_structure=\u00a0\u00bb1_2,1_2&Prime; _builder_version=\u00a0\u00bb4.19.2&Prime; _module_preset=\u00a0\u00bbdefault\u00a0\u00bb global_colors_info=\u00a0\u00bb{}\u00a0\u00bb theme_builder_area=\u00a0\u00bbet_body_layout\u00a0\u00bb][et_pb_column type=\u00a0\u00bb1_2&Prime; _builder_version=\u00a0\u00bb4.19.2&Prime; _module_preset=\u00a0\u00bbdefault\u00a0\u00bb global_colors_info=\u00a0\u00bb{}\u00a0\u00bb theme_builder_area=\u00a0\u00bbet_body_layout\u00a0\u00bb][et_pb_text _builder_version=\u00a0\u00bb4.21.0&Prime; _module_preset=\u00a0\u00bbdefault\u00a0\u00bb custom_padding=\u00a0\u00bb||0px|||\u00a0\u00bb global_colors_info=\u00a0\u00bb{}\u00a0\u00bb theme_builder_area=\u00a0\u00bbet_body_layout\u00a0\u00bb hover_enabled=\u00a0\u00bb0&Prime; sticky_enabled=\u00a0\u00bb0&Prime;]<\/p>\n<p><strong>INGR\u00c9DIENTS<br \/><\/strong><span style=\"font-size: 14px;\">\u2013 <\/span>Jambon d&rsquo;\u00e9paule cuit 50 gr <em>(en julienne)<\/em><br \/>\u2013 Lards 30 gr <em>(en julienne)<\/em> <br \/>\u2013Oignon 10 gr <em>(hach\u00e9)<\/em><br \/>\u2013 Ail 1\/2 gousse <em>(hach\u00e9)<\/em><br \/>\u2013 Ciboulette 2 gr cisel\u00e9e<br \/>\u2013 B\u00e9chamel, pr\u00eat \u00e0 l&#8217;emploi 100 ml<em> (ou sauce \u00e0 la cr\u00e8me)<\/em><br \/>\u2013 Sel, poivre <em>(assaisonner)<\/em><\/p>\n<p>[\/et_pb_text][\/et_pb_column][et_pb_column type=\u00a0\u00bb1_2&Prime; _builder_version=\u00a0\u00bb4.19.2&Prime; _module_preset=\u00a0\u00bbdefault\u00a0\u00bb global_colors_info=\u00a0\u00bb{}\u00a0\u00bb theme_builder_area=\u00a0\u00bbet_body_layout\u00a0\u00bb][et_pb_text _builder_version=\u00a0\u00bb4.21.0&Prime; _module_preset=\u00a0\u00bbdefault\u00a0\u00bb global_colors_info=\u00a0\u00bb{}\u00a0\u00bb theme_builder_area=\u00a0\u00bbet_body_layout\u00a0\u00bb hover_enabled=\u00a0\u00bb0&Prime; sticky_enabled=\u00a0\u00bb0&Prime;]<\/p>\n<p><span><strong>PR\u00c9PARATION<br \/><\/strong><\/span><span>\u2013 <\/span>Faire sauter le jambon et le lard, ajouter les oignons et l&rsquo;ail, suer.<\/p>\n<p><span>\u2013 <\/span>Ajouter la b\u00e9chamel et amener \u00e0 \u00e9bullition. On peut ajouter du laitsi la sauce devient trop \u00e9paisse.<\/p>\n<p><span>\u2013 <\/span>Ajouter la ciboulette, assaisonner et go\u00fbter.<\/p>\n<p><b>Remarque<br \/><\/b>Cette sauce accompagne des plats de p\u00e2tes.On peut pr\u00e9parer ce mets ovo-lacto-v\u00e9g\u00e9tarien avec des l\u00e9gumes \u00e0 la place de la viande.<\/p>\n<p><b>Utilisation des restes<br \/><\/b>Stockage &lt;5\u00b0C, utilisation dans les 24 heures en gratin par exemple..<\/p>\n<p>[\/et_pb_text][\/et_pb_column][\/et_pb_row][et_pb_row _builder_version=\u00a0\u00bb4.19.2&Prime; _module_preset=\u00a0\u00bbdefault\u00a0\u00bb global_colors_info=\u00a0\u00bb{}\u00a0\u00bb theme_builder_area=\u00a0\u00bbet_body_layout\u00a0\u00bb][et_pb_column type=\u00a0\u00bb4_4&Prime; _builder_version=\u00a0\u00bb4.19.2&Prime; _module_preset=\u00a0\u00bbdefault\u00a0\u00bb global_colors_info=\u00a0\u00bb{}\u00a0\u00bb theme_builder_area=\u00a0\u00bbet_body_layout\u00a0\u00bb][et_pb_text _builder_version=\u00a0\u00bb4.21.0&Prime; _module_preset=\u00a0\u00bbdefault\u00a0\u00bb custom_padding=\u00a0\u00bb||0px|||\u00a0\u00bb global_colors_info=\u00a0\u00bb{}\u00a0\u00bb theme_builder_area=\u00a0\u00bbet_body_layout\u00a0\u00bb hover_enabled=\u00a0\u00bb0&Prime; sticky_enabled=\u00a0\u00bb0&Prime;]<\/p>\n<p><em>(Extrait du livre de recettes de cuisine de l&rsquo;arm\u00e9e Suisse)<\/em><br \/><em>Cr\u00e9dit photo: \u00a9 Bruna Branco<\/em><\/p>\n<p>[\/et_pb_text][\/et_pb_column][\/et_pb_row][\/et_pb_section]<\/p>\n","protected":false},"excerpt":{"rendered":"<p>POUR UNE PERSONNEORIGINE: ARM\u00c9E SUISSEINGR\u00c9DIENTS\u2013 Jambon d&rsquo;\u00e9paule cuit 50 gr (en julienne)\u2013 Lards 30 gr (en julienne) \u2013Oignon 10 gr (hach\u00e9)\u2013 Ail 1\/2 gousse (hach\u00e9)\u2013 Ciboulette 2 gr cisel\u00e9e\u2013 B\u00e9chamel, [&hellip;]<\/p>\n","protected":false},"author":1,"featured_media":1225,"comment_status":"open","ping_status":"open","sticky":false,"template":"","format":"standard","meta":{"_et_pb_use_builder":"on","_et_pb_old_content":"","_et_gb_content_width":"","inline_featured_image":false,"footnotes":""},"categories":[30],"tags":[],"class_list":["post-1224","post","type-post","status-publish","format-standard","has-post-thumbnail","hentry","category-recettes"],"_links":{"self":[{"href":"https:\/\/militarymegablog.ch\/index.php\/wp-json\/wp\/v2\/posts\/1224","targetHints":{"allow":["GET"]}}],"collection":[{"href":"https:\/\/militarymegablog.ch\/index.php\/wp-json\/wp\/v2\/posts"}],"about":[{"href":"https:\/\/militarymegablog.ch\/index.php\/wp-json\/wp\/v2\/types\/post"}],"author":[{"embeddable":true,"href":"https:\/\/militarymegablog.ch\/index.php\/wp-json\/wp\/v2\/users\/1"}],"replies":[{"embeddable":true,"href":"https:\/\/militarymegablog.ch\/index.php\/wp-json\/wp\/v2\/comments?post=1224"}],"version-history":[{"count":2,"href":"https:\/\/militarymegablog.ch\/index.php\/wp-json\/wp\/v2\/posts\/1224\/revisions"}],"predecessor-version":[{"id":1227,"href":"https:\/\/militarymegablog.ch\/index.php\/wp-json\/wp\/v2\/posts\/1224\/revisions\/1227"}],"wp:featuredmedia":[{"embeddable":true,"href":"https:\/\/militarymegablog.ch\/index.php\/wp-json\/wp\/v2\/media\/1225"}],"wp:attachment":[{"href":"https:\/\/militarymegablog.ch\/index.php\/wp-json\/wp\/v2\/media?parent=1224"}],"wp:term":[{"taxonomy":"category","embeddable":true,"href":"https:\/\/militarymegablog.ch\/index.php\/wp-json\/wp\/v2\/categories?post=1224"},{"taxonomy":"post_tag","embeddable":true,"href":"https:\/\/militarymegablog.ch\/index.php\/wp-json\/wp\/v2\/tags?post=1224"}],"curies":[{"name":"wp","href":"https:\/\/api.w.org\/{rel}","templated":true}]}}