{"id":1219,"date":"2023-07-13T15:26:07","date_gmt":"2023-07-13T15:26:07","guid":{"rendered":"https:\/\/militarymegablog.ch\/?p=1219"},"modified":"2023-07-13T15:36:47","modified_gmt":"2023-07-13T15:36:47","slug":"paella","status":"publish","type":"post","link":"https:\/\/militarymegablog.ch\/index.php\/2023\/07\/13\/paella\/","title":{"rendered":"Paella"},"content":{"rendered":"<p>[et_pb_section fb_built=\u00a0\u00bb1&Prime; _builder_version=\u00a0\u00bb4.17.4&Prime; _module_preset=\u00a0\u00bbdefault\u00a0\u00bb background_color=\u00a0\u00bbRGBA(255,255,255,0)\u00a0\u00bb global_colors_info=\u00a0\u00bb{}\u00a0\u00bb theme_builder_area=\u00a0\u00bbpost_content\u00a0\u00bb][et_pb_row column_structure=\u00a0\u00bb1_2,1_2&Prime; _builder_version=\u00a0\u00bb4.19.2&Prime; _module_preset=\u00a0\u00bbdefault\u00a0\u00bb global_colors_info=\u00a0\u00bb{}\u00a0\u00bb theme_builder_area=\u00a0\u00bbpost_content\u00a0\u00bb][et_pb_column type=\u00a0\u00bb1_2&Prime; _builder_version=\u00a0\u00bb4.19.2&Prime; _module_preset=\u00a0\u00bbdefault\u00a0\u00bb global_colors_info=\u00a0\u00bb{}\u00a0\u00bb theme_builder_area=\u00a0\u00bbpost_content\u00a0\u00bb][et_pb_text _builder_version=\u00a0\u00bb4.19.2&Prime; _module_preset=\u00a0\u00bbdefault\u00a0\u00bb header_5_font=\u00a0\u00bb|700|||||||\u00a0\u00bb header_5_text_color=\u00a0\u00bb#E02B20&Prime; custom_padding=\u00a0\u00bb||0px|||\u00a0\u00bb global_colors_info=\u00a0\u00bb{}\u00a0\u00bb theme_builder_area=\u00a0\u00bbpost_content\u00a0\u00bb]<\/p>\n<h5><strong>POUR UNE PERSONNE<\/strong><\/h5>\n<p>[\/et_pb_text][\/et_pb_column][et_pb_column type=\u00a0\u00bb1_2&Prime; _builder_version=\u00a0\u00bb4.19.2&Prime; _module_preset=\u00a0\u00bbdefault\u00a0\u00bb global_colors_info=\u00a0\u00bb{}\u00a0\u00bb theme_builder_area=\u00a0\u00bbpost_content\u00a0\u00bb][et_pb_text _builder_version=\u00a0\u00bb4.19.2&Prime; _module_preset=\u00a0\u00bbdefault\u00a0\u00bb header_5_font=\u00a0\u00bb|700|||||||\u00a0\u00bb header_5_text_color=\u00a0\u00bb#E02B20&Prime; custom_padding=\u00a0\u00bb||0px|||\u00a0\u00bb global_colors_info=\u00a0\u00bb{}\u00a0\u00bb theme_builder_area=\u00a0\u00bbpost_content\u00a0\u00bb]<\/p>\n<h5><strong>ORIGINE: ARM\u00c9E SUISSE<\/strong><\/h5>\n<p>[\/et_pb_text][\/et_pb_column][\/et_pb_row][et_pb_row column_structure=\u00a0\u00bb1_2,1_2&Prime; _builder_version=\u00a0\u00bb4.19.2&Prime; _module_preset=\u00a0\u00bbdefault\u00a0\u00bb global_colors_info=\u00a0\u00bb{}\u00a0\u00bb theme_builder_area=\u00a0\u00bbpost_content\u00a0\u00bb][et_pb_column type=\u00a0\u00bb1_2&Prime; _builder_version=\u00a0\u00bb4.19.2&Prime; _module_preset=\u00a0\u00bbdefault\u00a0\u00bb global_colors_info=\u00a0\u00bb{}\u00a0\u00bb theme_builder_area=\u00a0\u00bbpost_content\u00a0\u00bb][et_pb_text _builder_version=\u00a0\u00bb4.21.0&Prime; _module_preset=\u00a0\u00bbdefault\u00a0\u00bb custom_padding=\u00a0\u00bb||0px|||\u00a0\u00bb global_colors_info=\u00a0\u00bb{}\u00a0\u00bb theme_builder_area=\u00a0\u00bbpost_content\u00a0\u00bb]<\/p>\n<p><strong>INGR\u00c9DIENTS<br \/><\/strong><span style=\"font-size: 14px;\">\u2013 <\/span>Rago\u00fbt de cuisse de poulet 50 gr<br \/>\u2013 Anneaux de calmars surgel\u00e9s 50 gr<br \/>\u2013 Huile d&rsquo;olive 5 ml<br \/>\u2013 Oignons 10 gr <em>(hach\u00e9s)<\/em><br \/>\u2013 Ail 1\/2 gousses <em>(hach\u00e9)<\/em><br \/>\u2013 Poivrons 50 gr <em>(trois couleurs, en d\u00e9s)<\/em><br \/>\u2013 Petits pois surgel\u00e9s 25 gr<br \/>\u2013 Riz 80gr<br \/>\u2013 Vin blanc 20 ml<br \/>\u2013 Safran en poudre 0.5gr<br \/>\u2013 Eau 150ml <br \/>\u2013 Concentr\u00e9 de bouillon0.30 gr<br \/>\u2013 Filets de pangasius 50 gr <em>(en d\u00e9s)<\/em><\/p>\n<p>[\/et_pb_text][\/et_pb_column][et_pb_column type=\u00a0\u00bb1_2&Prime; _builder_version=\u00a0\u00bb4.19.2&Prime; _module_preset=\u00a0\u00bbdefault\u00a0\u00bb global_colors_info=\u00a0\u00bb{}\u00a0\u00bb theme_builder_area=\u00a0\u00bbpost_content\u00a0\u00bb][et_pb_text _builder_version=\u00a0\u00bb4.21.0&Prime; _module_preset=\u00a0\u00bbdefault\u00a0\u00bb hover_enabled=\u00a0\u00bb0&Prime; global_colors_info=\u00a0\u00bb{}\u00a0\u00bb theme_builder_area=\u00a0\u00bbpost_content\u00a0\u00bb sticky_enabled=\u00a0\u00bb0&Prime;]<\/p>\n<p><span><strong>PR\u00c9PARATION<br \/><\/strong><\/span><span>\u2013 <\/span>Colorer la viande dans l&rsquo;huile d&rsquo;olive, assaisonner et r\u00e9server.<br \/><span><\/span><\/p>\n<p><span>\u2013\u00a0<\/span>Idem pour les calmars.<\/p>\n<p><span>\u2013\u00a0<\/span>Faire suer les oignons et l&rsquo;ail, ajouter les poivrons et les petits pois.<\/p>\n<p><span>\u2013\u00a0<\/span>Ajouter et faire revenir le riz. D\u00e9glacer au vin blanc et mouiller avec l&rsquo;eau. Ajouter le concentr\u00e9 de bouillon et le safran. Assaisonner.<\/p>\n<p><span>\u2013\u00a0<\/span>Ajouter le poulet et les calmars, cuire \u00e0 couvert et \u00e0 petit feu pendant 15 minutes.<\/p>\n<p><span>\u2013\u00a0<\/span>Ajouter les d\u00e9s de poisson, et laisser pocher 5 minutes. Contr\u00f4ler la cuisson. Go\u00fbter.<\/p>\n<p class=\"p1\"><b>Remarque<br \/><\/b>Ajouter du mouillement si besoin.<\/p>\n<p class=\"p1\"><b>D\u00e9riv\u00e9<br \/><\/b>Paella v\u00e9g\u00e9tarienne: Remplacer la viande et le poisson par un \u00e9minc\u00e9 de quorn, seitan ou tofu.<\/p>\n<p>[\/et_pb_text][\/et_pb_column][\/et_pb_row][et_pb_row _builder_version=\u00a0\u00bb4.19.2&Prime; _module_preset=\u00a0\u00bbdefault\u00a0\u00bb global_colors_info=\u00a0\u00bb{}\u00a0\u00bb theme_builder_area=\u00a0\u00bbpost_content\u00a0\u00bb][et_pb_column type=\u00a0\u00bb4_4&Prime; _builder_version=\u00a0\u00bb4.19.2&Prime; _module_preset=\u00a0\u00bbdefault\u00a0\u00bb global_colors_info=\u00a0\u00bb{}\u00a0\u00bb theme_builder_area=\u00a0\u00bbpost_content\u00a0\u00bb][et_pb_text _builder_version=\u00a0\u00bb4.21.0&Prime; _module_preset=\u00a0\u00bbdefault\u00a0\u00bb custom_padding=\u00a0\u00bb||0px|||\u00a0\u00bb global_colors_info=\u00a0\u00bb{}\u00a0\u00bb theme_builder_area=\u00a0\u00bbpost_content\u00a0\u00bb]<\/p>\n<p><em>(Extrait du livre de recettes de cuisine de l&rsquo;arm\u00e9e Suisse)<\/em><br \/><em>Cr\u00e9dit photo: \u00a9 Antonio Castellano<\/em><\/p>\n<p>[\/et_pb_text][\/et_pb_column][\/et_pb_row][\/et_pb_section]<\/p>\n","protected":false},"excerpt":{"rendered":"<p>POUR UNE PERSONNEORIGINE: ARM\u00c9E SUISSEINGR\u00c9DIENTS\u2013 Rago\u00fbt de cuisse de poulet 50 gr\u2013 Anneaux de calmars surgel\u00e9s 50 gr\u2013 Huile d&rsquo;olive 5 ml\u2013 Oignons 10 gr (hach\u00e9s)\u2013 Ail 1\/2 gousses (hach\u00e9)\u2013 [&hellip;]<\/p>\n","protected":false},"author":1,"featured_media":1220,"comment_status":"open","ping_status":"open","sticky":false,"template":"","format":"standard","meta":{"_et_pb_use_builder":"on","_et_pb_old_content":"","_et_gb_content_width":"","inline_featured_image":false,"footnotes":""},"categories":[30],"tags":[],"class_list":["post-1219","post","type-post","status-publish","format-standard","has-post-thumbnail","hentry","category-recettes"],"_links":{"self":[{"href":"https:\/\/militarymegablog.ch\/index.php\/wp-json\/wp\/v2\/posts\/1219","targetHints":{"allow":["GET"]}}],"collection":[{"href":"https:\/\/militarymegablog.ch\/index.php\/wp-json\/wp\/v2\/posts"}],"about":[{"href":"https:\/\/militarymegablog.ch\/index.php\/wp-json\/wp\/v2\/types\/post"}],"author":[{"embeddable":true,"href":"https:\/\/militarymegablog.ch\/index.php\/wp-json\/wp\/v2\/users\/1"}],"replies":[{"embeddable":true,"href":"https:\/\/militarymegablog.ch\/index.php\/wp-json\/wp\/v2\/comments?post=1219"}],"version-history":[{"count":3,"href":"https:\/\/militarymegablog.ch\/index.php\/wp-json\/wp\/v2\/posts\/1219\/revisions"}],"predecessor-version":[{"id":1228,"href":"https:\/\/militarymegablog.ch\/index.php\/wp-json\/wp\/v2\/posts\/1219\/revisions\/1228"}],"wp:featuredmedia":[{"embeddable":true,"href":"https:\/\/militarymegablog.ch\/index.php\/wp-json\/wp\/v2\/media\/1220"}],"wp:attachment":[{"href":"https:\/\/militarymegablog.ch\/index.php\/wp-json\/wp\/v2\/media?parent=1219"}],"wp:term":[{"taxonomy":"category","embeddable":true,"href":"https:\/\/militarymegablog.ch\/index.php\/wp-json\/wp\/v2\/categories?post=1219"},{"taxonomy":"post_tag","embeddable":true,"href":"https:\/\/militarymegablog.ch\/index.php\/wp-json\/wp\/v2\/tags?post=1219"}],"curies":[{"name":"wp","href":"https:\/\/api.w.org\/{rel}","templated":true}]}}