{"id":1135,"date":"2023-04-27T14:41:22","date_gmt":"2023-04-27T14:41:22","guid":{"rendered":"https:\/\/militarymegablog.ch\/?p=1135"},"modified":"2023-04-28T14:41:13","modified_gmt":"2023-04-28T14:41:13","slug":"la-strasbourgeoise-version-militaire","status":"publish","type":"post","link":"https:\/\/militarymegablog.ch\/index.php\/2023\/04\/27\/la-strasbourgeoise-version-militaire\/","title":{"rendered":"La Strasbourgeoise (version militaire)"},"content":{"rendered":"<p>[et_pb_section fb_built=\u00a0\u00bb1&Prime; _builder_version=\u00a0\u00bb4.20.4&Prime; _module_preset=\u00a0\u00bbdefault\u00a0\u00bb global_colors_info=\u00a0\u00bb{}\u00a0\u00bb theme_builder_area=\u00a0\u00bbpost_content\u00a0\u00bb][et_pb_row _builder_version=\u00a0\u00bb4.20.4&Prime; _module_preset=\u00a0\u00bbdefault\u00a0\u00bb global_colors_info=\u00a0\u00bb{}\u00a0\u00bb theme_builder_area=\u00a0\u00bbpost_content\u00a0\u00bb][et_pb_column type=\u00a0\u00bb4_4&Prime; _builder_version=\u00a0\u00bb4.20.4&Prime; _module_preset=\u00a0\u00bbdefault\u00a0\u00bb global_colors_info=\u00a0\u00bb{}\u00a0\u00bb theme_builder_area=\u00a0\u00bbpost_content\u00a0\u00bb][et_pb_text _builder_version=\u00a0\u00bb4.20.4&Prime; _module_preset=\u00a0\u00bbdefault\u00a0\u00bb hover_enabled=\u00a0\u00bb0&Prime; global_colors_info=\u00a0\u00bb{}\u00a0\u00bb theme_builder_area=\u00a0\u00bbpost_content\u00a0\u00bb sticky_enabled=\u00a0\u00bb0&Prime;]<\/p>\n<h1 class=\"PyJv1b gsmt PZPZlf\" data-attrid=\"title\" data-hveid=\"CBIQAQ\" style=\"text-align: center;\"><strong><a class=\"Ui2TZ WCMfob oRJe3d\" jscontroller=\"PCqCoe\" data-ti=\"default_tab:kc:\/music\/recording_cluster:lyrics\" role=\"link\" jsaction=\"rcuQ6b:npT2md;KjsqPd\" data-ved=\"2ahUKEwjrhbn6m8r-AhW3_7sIHROOAqgQnZMFegQIEhAC\" tabindex=\"0\"><span role=\"heading\" aria-level=\"1\" class=\"yKMVIe\">La Strasbourgeoise<\/span><\/a><\/strong><strong><span role=\"heading\" aria-level=\"1\" class=\"yKMVIe\"><\/span><\/strong><\/h1>\n<p>[\/et_pb_text][et_pb_code _builder_version=\u00a0\u00bb4.20.4&Prime; _module_preset=\u00a0\u00bbdefault\u00a0\u00bb global_colors_info=\u00a0\u00bb{}\u00a0\u00bb theme_builder_area=\u00a0\u00bbpost_content\u00a0\u00bb]<iframe style=\"border-radius:12px\" src=\"https:\/\/open.spotify.com\/embed\/track\/3efanq08exq4Zvam4WZuuE?utm_source=generator\" width=\"100%\" height=\"352\" frameBorder=\"0\" allowfullscreen=\"\" allow=\"autoplay; clipboard-write; encrypted-media; fullscreen; picture-in-picture\" loading=\"lazy\"><\/iframe>[\/et_pb_code][et_pb_text _builder_version=\u00a0\u00bb4.20.4&Prime; _module_preset=\u00a0\u00bbdefault\u00a0\u00bb global_colors_info=\u00a0\u00bb{}\u00a0\u00bb theme_builder_area=\u00a0\u00bbpost_content\u00a0\u00bb]<\/p>\n<p class=\"icmsPContent\" style=\"text-align: center;\">Petit papa, voici la<span>\u00a0<\/span>mi-car\u00eame,<br \/>Car te voici d\u00e9guis\u00e9 en soldat<br \/>Petit papa dis-moi si c&rsquo;est pour rire,<br \/>Ou pour faire peur aux tout petits enfants? (bis)<\/p>\n<p class=\"icmsPContent\" style=\"text-align: center;\">Non mon enfant, je pars pour la patrie<sup id=\"cite_ref-5\" class=\"reference\"><\/sup>,<br \/>C&rsquo;est un devoir o\u00f9 tous les papas s&rsquo;en vont,<br \/>Embrasse-moi petite fille ch\u00e9rie,<br \/>Je rentrerai bien vite \u00e0 la maison. (bis)<\/p>\n<p class=\"icmsPContent\" style=\"text-align: center;\">Dis-moi maman quelle est cette m\u00e9daille,<br \/>Et cette lettre qu&rsquo;apporte le facteur?<br \/>Dis-moi maman, tu pleures et tu d\u00e9failles<br \/>Ils ont tu\u00e9 petit p\u00e8re ador\u00e9? (bis)<\/p>\n<p class=\"icmsPContent\" style=\"text-align: center;\">Oui mon enfant ils ont tu\u00e9 ton p\u00e8re,<br \/>Pleurons ensemble car nous les ha\u00efssons,<br \/>Quelle guerre atroce qui fait pleurer les m\u00e8res,<br \/>Et tue les p\u00e8res des petits anges blonds. (bis)<\/p>\n<p class=\"icmsPContent\" style=\"text-align: center;\">La neige tombe aux portes de la ville,<br \/>L\u00e0 est assise une enfant de<span>\u00a0<\/span>Strasbourg.<br \/>Elle reste l\u00e0 malgr\u00e9 le froid, la bise,<br \/>Elle reste l\u00e0 malgr\u00e9 le froid du jour. (bis)<\/p>\n<p class=\"icmsPContent\" style=\"text-align: center;\">Un homme passe, \u00e0 la fillette donne.<br \/>Elle reconna\u00eet l&rsquo;uniforme allemand.<br \/>Elle refuse l&rsquo;aum\u00f4ne qu&rsquo;on lui donne,<br \/>\u00c0 l&rsquo;ennemi elle dit bien fi\u00e8rement. (bis)<\/p>\n<p class=\"icmsPContent\" style=\"text-align: center;\">Gardez votre or, je garde ma puissance,<br \/>Soldat<span>\u00a0<\/span>prussien<span>\u00a0<\/span>passez votre chemin.<br \/>Moi je ne suis qu&rsquo;une enfant de la France,<br \/>\u00c0 l&rsquo;ennemi je ne tends pas la main. (bis)<\/p>\n<p class=\"icmsPContent\" style=\"text-align: center;\">Tout en priant sous cette Cath\u00e9drale,<br \/>Ma m\u00e8re est morte sous ce porche \u00e9croul\u00e9.<br \/>Frapp\u00e9e \u00e0 mort par l&rsquo;une de vos balles,<br \/>Frapp\u00e9e \u00e0 mort par l&rsquo;un de vos boulets. (bis)<\/p>\n<p class=\"icmsPContent\" style=\"text-align: center;\">Mon p\u00e8re est mort sur vos champs de bataille,<br \/>Je n&rsquo;ai pas vu l&rsquo;ombre de son cercueil.<br \/>Frapp\u00e9 \u00e0 mort par l&rsquo;une de vos balles,<br \/>C&rsquo;est la raison de ma robe de deuil. (bis)<\/p>\n<p class=\"icmsPContent\" style=\"text-align: center;\">Vous avez eu l&rsquo;Alsace et la Lorraine,<br \/>Vous avez eu des millions d&rsquo;\u00e9trangers,<br \/>Vous avez eu<span>\u00a0<\/span>Germanie<span>\u00a0<\/span>et<span>\u00a0<\/span>Boh\u00eame<sup id=\"cite_ref-6\" class=\"reference\"><\/sup>,<br \/>Mais mon p&rsquo;tit c\u0153ur vous ne l&rsquo;aurez jamais,<br \/>Mais mon p&rsquo;tit c\u0153ur lui restera fran\u00e7ais!<\/p>\n<p>[\/et_pb_text][et_pb_text _builder_version=\u00a0\u00bb4.20.4&Prime; _module_preset=\u00a0\u00bbdefault\u00a0\u00bb global_colors_info=\u00a0\u00bb{}\u00a0\u00bb theme_builder_area=\u00a0\u00bbpost_content\u00a0\u00bb]<\/p>\n<p style=\"text-align: center;\">Cr\u00e9dit photo: \u00a9 Engin Akyurt \u2013 Source: <a href=\"https:\/\/revue-histoire.fr\/la-strasbourgeoise-la-chanson-de-la-revanche\/\">Revue-histoire<\/a><\/p>\n<p>[\/et_pb_text][\/et_pb_column][\/et_pb_row][\/et_pb_section]<\/p>\n","protected":false},"excerpt":{"rendered":"<p>La StrasbourgeoisePetit papa, voici la\u00a0mi-car\u00eame,Car te voici d\u00e9guis\u00e9 en soldatPetit papa dis-moi si c&rsquo;est pour rire,Ou pour faire peur aux tout petits enfants? (bis) Non mon enfant, je pars pour [&hellip;]<\/p>\n","protected":false},"author":1,"featured_media":1136,"comment_status":"open","ping_status":"open","sticky":false,"template":"","format":"standard","meta":{"_et_pb_use_builder":"on","_et_pb_old_content":"","_et_gb_content_width":"","inline_featured_image":false,"footnotes":""},"categories":[104],"tags":[105,19,108,106],"class_list":["post-1135","post","type-post","status-publish","format-standard","has-post-thumbnail","hentry","category-musique","tag-chanson","tag-france","tag-militaire","tag-musique"],"_links":{"self":[{"href":"https:\/\/militarymegablog.ch\/index.php\/wp-json\/wp\/v2\/posts\/1135","targetHints":{"allow":["GET"]}}],"collection":[{"href":"https:\/\/militarymegablog.ch\/index.php\/wp-json\/wp\/v2\/posts"}],"about":[{"href":"https:\/\/militarymegablog.ch\/index.php\/wp-json\/wp\/v2\/types\/post"}],"author":[{"embeddable":true,"href":"https:\/\/militarymegablog.ch\/index.php\/wp-json\/wp\/v2\/users\/1"}],"replies":[{"embeddable":true,"href":"https:\/\/militarymegablog.ch\/index.php\/wp-json\/wp\/v2\/comments?post=1135"}],"version-history":[{"count":5,"href":"https:\/\/militarymegablog.ch\/index.php\/wp-json\/wp\/v2\/posts\/1135\/revisions"}],"predecessor-version":[{"id":1143,"href":"https:\/\/militarymegablog.ch\/index.php\/wp-json\/wp\/v2\/posts\/1135\/revisions\/1143"}],"wp:featuredmedia":[{"embeddable":true,"href":"https:\/\/militarymegablog.ch\/index.php\/wp-json\/wp\/v2\/media\/1136"}],"wp:attachment":[{"href":"https:\/\/militarymegablog.ch\/index.php\/wp-json\/wp\/v2\/media?parent=1135"}],"wp:term":[{"taxonomy":"category","embeddable":true,"href":"https:\/\/militarymegablog.ch\/index.php\/wp-json\/wp\/v2\/categories?post=1135"},{"taxonomy":"post_tag","embeddable":true,"href":"https:\/\/militarymegablog.ch\/index.php\/wp-json\/wp\/v2\/tags?post=1135"}],"curies":[{"name":"wp","href":"https:\/\/api.w.org\/{rel}","templated":true}]}}